{"id":4178,"date":"2026-03-30T13:44:35","date_gmt":"2026-03-30T11:44:35","guid":{"rendered":"https:\/\/www.hirondelleagile.com\/?p=4178"},"modified":"2026-03-30T18:34:43","modified_gmt":"2026-03-30T16:34:43","slug":"les-ateliers-coud-coud","status":"publish","type":"post","link":"https:\/\/www.hirondelleagile.com\/?p=4178","title":{"rendered":"Les Ateliers Coud-Coud"},"content":{"rendered":"\n<h2 class=\"wp-block-heading\"><mark style=\"background-color:rgba(0, 0, 0, 0)\" class=\"has-inline-color has-luminous-vivid-orange-color\">Les Ateliers Coud-Coud<\/mark><\/h2>\n\n\n\n<p><strong><mark style=\"background-color:rgba(0, 0, 0, 0)\" class=\"has-inline-color has-white-color\">Ouverture courant 2026<\/mark><\/strong><\/p>\n\n\n\n<p class=\"has-white-color has-text-color has-background has-link-color wp-elements-1235ab42100ca3cf854a0feda5d5a5e8\" style=\"background-color:#28282a\">Avec l&rsquo;envie de vous transmettre le plaisir de pouvoir enfin d\u00e9marrer la machine sans stress et de coudre ses id\u00e9es, je vous propose d&rsquo;entrer dans le monde merveilleux de la mati\u00e8re textile !<br>Et parce que je n&rsquo;ai qu&rsquo;une obsession chaque jour : assembler du tissu, je vous propose de valoriser avec moi le stock dormant de mati\u00e8res accumul\u00e9es durant toutes mes ann\u00e9es de couture.<br>Ici pas de cours de couture acad\u00e9miques, juste le temps et la place pour exp\u00e9rimenter \u00ab\u00a0la couture\u00a0\u00bb.<br>Petits et grands, d\u00e9butants ou confirm\u00e9s, on aura toujours quelque chose \u00e0 coudre ensemble !<br><\/p>\n\n\n\n<hr class=\"wp-block-separator has-alpha-channel-opacity\"\/>\n\n\n\n<div class=\"wp-block-media-text is-stacked-on-mobile is-image-fill-element has-white-color has-text-color has-background has-link-color wp-elements-df12edab2f2c7e61f9f29529ecf3e38f\" style=\"background-color:#28282a;grid-template-columns:25% auto\"><figure class=\"wp-block-media-text__media\"><img loading=\"lazy\" decoding=\"async\" width=\"768\" height=\"1024\" src=\"https:\/\/www.hirondelleagile.com\/wp-content\/uploads\/2025\/10\/WhatsApp-Image-2026-03-23-at-11.43.21-768x1024.jpeg\" alt=\"\" class=\"wp-image-4081 size-full\" style=\"object-position:50% 50%\" srcset=\"https:\/\/www.hirondelleagile.com\/wp-content\/uploads\/2025\/10\/WhatsApp-Image-2026-03-23-at-11.43.21-768x1024.jpeg 768w, https:\/\/www.hirondelleagile.com\/wp-content\/uploads\/2025\/10\/WhatsApp-Image-2026-03-23-at-11.43.21-225x300.jpeg 225w, https:\/\/www.hirondelleagile.com\/wp-content\/uploads\/2025\/10\/WhatsApp-Image-2026-03-23-at-11.43.21-1152x1536.jpeg 1152w, https:\/\/www.hirondelleagile.com\/wp-content\/uploads\/2025\/10\/WhatsApp-Image-2026-03-23-at-11.43.21.jpeg 1200w\" sizes=\"auto, (max-width: 768px) 100vw, 768px\" \/><\/figure><div class=\"wp-block-media-text__content\">\n<p><\/p>\n\n\n\n<p style=\"font-size:16px\"><mark style=\"background-color:rgba(0, 0, 0, 0)\" class=\"has-inline-color has-luminous-vivid-orange-color\"><strong>Atelier Coud-Coud <strong>\ud83e\uddf5 <\/strong><\/strong><\/mark><\/p>\n\n\n\n<h2 class=\"wp-block-heading\" style=\"font-size:23px\"><strong><mark style=\"background-color:rgba(0, 0, 0, 0)\" class=\"has-inline-color has-white-color\">\u00ab\u00a0Faire enfin connaissance avec la machine<\/mark><\/strong><\/h2>\n\n\n\n<p style=\"font-size:16px\">Vous n\u2019avez jamais utilis\u00e9 une machine \u00e0 coudre ou vous souhaitez remonter en selle ? Cet atelier est con\u00e7u pour une prise en main progressive et la r\u00e9alisation d\u2019un ou plusieurs ouvrages simples.<\/p>\n\n\n\n<div class=\"wp-block-buttons is-layout-flex wp-block-buttons-is-layout-flex\">\n<div class=\"wp-block-button\"><a class=\"wp-block-button__link has-small-font-size has-custom-font-size wp-element-button\" style=\"border-top-left-radius:0px;border-top-right-radius:0px;border-bottom-left-radius:0px;border-bottom-right-radius:0px\">Infos &amp; Calendrier \u00e0 venir<\/a><\/div>\n<\/div>\n<\/div><\/div>\n\n\n\n<hr class=\"wp-block-separator has-alpha-channel-opacity\"\/>\n\n\n\n<div class=\"wp-block-media-text is-stacked-on-mobile is-image-fill-element has-white-color has-text-color has-background has-link-color wp-elements-47305a85b980e558c5c7b245b4cb5425\" style=\"background-color:#28282a;grid-template-columns:25% auto\"><figure class=\"wp-block-media-text__media\"><img loading=\"lazy\" decoding=\"async\" width=\"1024\" height=\"1024\" src=\"https:\/\/www.hirondelleagile.com\/wp-content\/uploads\/2021\/01\/1622464487055-1024x1024.jpg\" alt=\"\" class=\"wp-image-1779 size-full\" style=\"object-position:50% 50%\" srcset=\"https:\/\/www.hirondelleagile.com\/wp-content\/uploads\/2021\/01\/1622464487055-1024x1024.jpg 1024w, https:\/\/www.hirondelleagile.com\/wp-content\/uploads\/2021\/01\/1622464487055-300x300.jpg 300w, https:\/\/www.hirondelleagile.com\/wp-content\/uploads\/2021\/01\/1622464487055-150x150.jpg 150w, https:\/\/www.hirondelleagile.com\/wp-content\/uploads\/2021\/01\/1622464487055-768x768.jpg 768w, https:\/\/www.hirondelleagile.com\/wp-content\/uploads\/2021\/01\/1622464487055-1536x1536.jpg 1536w, https:\/\/www.hirondelleagile.com\/wp-content\/uploads\/2021\/01\/1622464487055-2048x2048.jpg 2048w, https:\/\/www.hirondelleagile.com\/wp-content\/uploads\/2021\/01\/1622464487055-50x50.jpg 50w\" sizes=\"auto, (max-width: 1024px) 100vw, 1024px\" \/><\/figure><div class=\"wp-block-media-text__content\">\n<p><\/p>\n\n\n\n<p style=\"font-size:16px\"><strong><mark style=\"background-color:rgba(0, 0, 0, 0)\" class=\"has-inline-color has-luminous-vivid-orange-color\">Atelier Coud-Coud \ud83e\uddf5\ud83e\uddf5 <\/mark><\/strong><\/p>\n\n\n\n<h2 class=\"wp-block-heading\" style=\"font-size:23px\"><strong><mark style=\"background-color:rgba(0, 0, 0, 0)\" class=\"has-inline-color has-white-color\">\u00ab\u00a0Deux ou trois bouts de tissu<\/mark><\/strong><\/h2>\n\n\n\n<p>L&rsquo;\u00e9tag\u00e8re des id\u00e9es : paniers, pochons, tableaux textiles, mitaines, lacets, etc&#8230; Choisissez le ou les mod\u00e8les que vous apprendrez \u00e0 r\u00e9aliser. Exp\u00e9rimentez votre cr\u00e9ativit\u00e9 et valoriser les chutes de tissus.<\/p>\n\n\n\n<h2 class=\"wp-block-heading\" style=\"font-size:23px\"><mark style=\"background-color:rgba(0, 0, 0, 0)\" class=\"has-inline-color has-white-color\"><strong>\u00ab\u00a0Deux ou trois bouts de tissu<\/strong><\/mark><br><mark style=\"background-color:rgba(0, 0, 0, 0)\" class=\"has-inline-color has-white-color\"><strong>Le collectif des 10-15 ans<\/strong><\/mark><\/h2>\n\n\n\n<p>Idem les adultes, sauf que non en fait. Il se peut que des projets textiles \u00e0 grandeur collective voit le jour !<br><\/p>\n\n\n\n<div class=\"wp-block-buttons is-layout-flex wp-block-buttons-is-layout-flex\">\n<div class=\"wp-block-button\"><a class=\"wp-block-button__link has-small-font-size has-custom-font-size wp-element-button\" style=\"border-top-left-radius:0px;border-top-right-radius:0px;border-bottom-left-radius:0px;border-bottom-right-radius:0px\">Infos &amp; Calendrier \u00e0 venir<\/a><\/div>\n<\/div>\n<\/div><\/div>\n\n\n\n<hr class=\"wp-block-separator has-alpha-channel-opacity\"\/>\n\n\n\n<div class=\"wp-block-media-text is-stacked-on-mobile is-image-fill-element has-white-color has-text-color has-background has-link-color wp-elements-c1dae171158e1458e57eb295ff0771ca\" style=\"background-color:#28282a;grid-template-columns:25% auto\"><figure class=\"wp-block-media-text__media\"><img loading=\"lazy\" decoding=\"async\" width=\"768\" height=\"1024\" src=\"https:\/\/www.hirondelleagile.com\/wp-content\/uploads\/2025\/10\/WhatsApp-Image-2026-03-23-at-11.44.19-768x1024.jpeg\" alt=\"\" class=\"wp-image-4080 size-full\" style=\"object-position:50% 50%\" srcset=\"https:\/\/www.hirondelleagile.com\/wp-content\/uploads\/2025\/10\/WhatsApp-Image-2026-03-23-at-11.44.19-768x1024.jpeg 768w, https:\/\/www.hirondelleagile.com\/wp-content\/uploads\/2025\/10\/WhatsApp-Image-2026-03-23-at-11.44.19-225x300.jpeg 225w, https:\/\/www.hirondelleagile.com\/wp-content\/uploads\/2025\/10\/WhatsApp-Image-2026-03-23-at-11.44.19-1152x1536.jpeg 1152w, https:\/\/www.hirondelleagile.com\/wp-content\/uploads\/2025\/10\/WhatsApp-Image-2026-03-23-at-11.44.19.jpeg 1200w\" sizes=\"auto, (max-width: 768px) 100vw, 768px\" \/><\/figure><div class=\"wp-block-media-text__content\">\n<p><\/p>\n\n\n\n<p style=\"font-size:16px\"><strong><mark style=\"background-color:rgba(0, 0, 0, 0)\" class=\"has-inline-color has-luminous-vivid-orange-color\">Atelier Coud-Coud \ud83e\uddf5\ud83e\uddf5 <\/mark><\/strong><\/p>\n\n\n\n<h2 class=\"wp-block-heading\" style=\"font-size:23px\"><strong><mark style=\"background-color:rgba(0, 0, 0, 0)\" class=\"has-inline-color has-white-color\">\u00ab\u00a0Ceci n&rsquo;est pas un sac<\/mark><\/strong><\/h2>\n\n\n\n<p>C&rsquo;est votre \u0153uvre.<br>Un mod\u00e8le simple de petit sac-cabas, une infinit\u00e9 de possibilit\u00e9s.<br>Venez exp\u00e9rimenter votre cr\u00e9ativit\u00e9&nbsp;: composez avec les couleurs, les motifs et les mati\u00e8res.<\/p>\n\n\n\n<div class=\"wp-block-buttons is-layout-flex wp-block-buttons-is-layout-flex\">\n<div class=\"wp-block-button\"><a class=\"wp-block-button__link has-small-font-size has-custom-font-size wp-element-button\" style=\"border-top-left-radius:0px;border-top-right-radius:0px;border-bottom-left-radius:0px;border-bottom-right-radius:0px\">Infos &amp; Calendrier \u00e0 venir<\/a><\/div>\n<\/div>\n<\/div><\/div>\n\n\n\n<hr class=\"wp-block-separator has-alpha-channel-opacity\"\/>\n\n\n\n<div class=\"wp-block-media-text is-stacked-on-mobile is-image-fill-element has-white-color has-text-color has-background has-link-color wp-elements-e3ed09d13dea4c11f992150703e85803\" style=\"background-color:#28282a;grid-template-columns:25% auto\"><figure class=\"wp-block-media-text__media\"><img loading=\"lazy\" decoding=\"async\" width=\"766\" height=\"1024\" src=\"https:\/\/www.hirondelleagile.com\/wp-content\/uploads\/2021\/04\/Arcencirque_carnaval2020_2-766x1024.jpeg\" alt=\"\" class=\"wp-image-1703 size-full\" style=\"object-position:50% 50%\" srcset=\"https:\/\/www.hirondelleagile.com\/wp-content\/uploads\/2021\/04\/Arcencirque_carnaval2020_2-766x1024.jpeg 766w, https:\/\/www.hirondelleagile.com\/wp-content\/uploads\/2021\/04\/Arcencirque_carnaval2020_2-225x300.jpeg 225w, https:\/\/www.hirondelleagile.com\/wp-content\/uploads\/2021\/04\/Arcencirque_carnaval2020_2-768x1026.jpeg 768w, https:\/\/www.hirondelleagile.com\/wp-content\/uploads\/2021\/04\/Arcencirque_carnaval2020_2-1150x1536.jpeg 1150w, https:\/\/www.hirondelleagile.com\/wp-content\/uploads\/2021\/04\/Arcencirque_carnaval2020_2-1533x2048.jpeg 1533w, https:\/\/www.hirondelleagile.com\/wp-content\/uploads\/2021\/04\/Arcencirque_carnaval2020_2-scaled.jpeg 1916w\" sizes=\"auto, (max-width: 766px) 100vw, 766px\" \/><\/figure><div class=\"wp-block-media-text__content\">\n<p><\/p>\n\n\n\n<p style=\"font-size:16px\"><strong><mark style=\"background-color:rgba(0, 0, 0, 0)\" class=\"has-inline-color has-luminous-vivid-orange-color\">Atelier Coud-Coud \ud83e\uddf5\ud83e\uddf5\ud83e\uddf5<\/mark><\/strong><\/p>\n\n\n\n<h2 class=\"wp-block-heading\" style=\"font-size:23px\"><strong><mark style=\"background-color:rgba(0, 0, 0, 0)\" class=\"has-inline-color has-white-color\">\u00ab\u00a0Coudre ses id\u00e9es<\/mark><\/strong><\/h2>\n\n\n\n<p>Vous \u00eates autonome avec votre machine \u00e0 coudre mais vous manquez d&rsquo;assurance ou de m\u00e9thode pour vous lancer seul\u00b7e dans le projet-couture qui vous tient \u00e0 c\u0153ur.<br>Cet atelier vous propose de choisir un mod\u00e8le sur le portant des id\u00e9es : Jupe, robe, pantalon, short, veste, tee-shirt&#8230; et de le r\u00e9aliser. Objectifs : Analyser le patron\/gabarit, comprendre le langage de la gamme de montage, tracer, couper, coudre et repasser. Et enfin retirer toute la fiert\u00e9 de votre ouvrage port\u00e9 !<\/p>\n\n\n\n<div class=\"wp-block-buttons is-layout-flex wp-block-buttons-is-layout-flex\">\n<div class=\"wp-block-button\"><a class=\"wp-block-button__link has-small-font-size has-custom-font-size wp-element-button\" style=\"border-top-left-radius:0px;border-top-right-radius:0px;border-bottom-left-radius:0px;border-bottom-right-radius:0px\">Infos &amp; Calendrier \u00e0 venir<\/a><\/div>\n<\/div>\n<\/div><\/div>\n\n\n\n<hr class=\"wp-block-separator has-alpha-channel-opacity\"\/>\n\n\n\n<p><\/p>\n\n\n\n<p><\/p>\n","protected":false},"excerpt":{"rendered":"<p>Les Ateliers Coud-Coud Ouverture courant 2026 Avec l&rsquo;envie de vous transmettre le plaisir de pouvoir enfin d\u00e9marrer la machine sans stress et de coudre ses id\u00e9es, je vous propose d&rsquo;entrer dans le monde merveilleux de la mati\u00e8re textile !Et parce&hellip; <a href=\"https:\/\/www.hirondelleagile.com\/?p=4178\" class=\"more-link\">Continuer la lecture <span class=\"meta-nav\">&rarr;<\/span><\/a><\/p>\n","protected":false},"author":2,"featured_media":0,"comment_status":"closed","ping_status":"closed","sticky":false,"template":"","format":"standard","meta":{"footnotes":""},"categories":[11],"tags":[],"class_list":["post-4178","post","type-post","status-publish","format-standard","hentry","category-les-ateliers"],"_links":{"self":[{"href":"https:\/\/www.hirondelleagile.com\/index.php?rest_route=\/wp\/v2\/posts\/4178","targetHints":{"allow":["GET"]}}],"collection":[{"href":"https:\/\/www.hirondelleagile.com\/index.php?rest_route=\/wp\/v2\/posts"}],"about":[{"href":"https:\/\/www.hirondelleagile.com\/index.php?rest_route=\/wp\/v2\/types\/post"}],"author":[{"embeddable":true,"href":"https:\/\/www.hirondelleagile.com\/index.php?rest_route=\/wp\/v2\/users\/2"}],"replies":[{"embeddable":true,"href":"https:\/\/www.hirondelleagile.com\/index.php?rest_route=%2Fwp%2Fv2%2Fcomments&post=4178"}],"version-history":[{"count":31,"href":"https:\/\/www.hirondelleagile.com\/index.php?rest_route=\/wp\/v2\/posts\/4178\/revisions"}],"predecessor-version":[{"id":4263,"href":"https:\/\/www.hirondelleagile.com\/index.php?rest_route=\/wp\/v2\/posts\/4178\/revisions\/4263"}],"wp:attachment":[{"href":"https:\/\/www.hirondelleagile.com\/index.php?rest_route=%2Fwp%2Fv2%2Fmedia&parent=4178"}],"wp:term":[{"taxonomy":"category","embeddable":true,"href":"https:\/\/www.hirondelleagile.com\/index.php?rest_route=%2Fwp%2Fv2%2Fcategories&post=4178"},{"taxonomy":"post_tag","embeddable":true,"href":"https:\/\/www.hirondelleagile.com\/index.php?rest_route=%2Fwp%2Fv2%2Ftags&post=4178"}],"curies":[{"name":"wp","href":"https:\/\/api.w.org\/{rel}","templated":true}]}}